{"id":143,"date":"2009-10-08T12:50:57","date_gmt":"2009-10-08T10:50:57","guid":{"rendered":"https:\/\/sv-oberperfuss.at\/fussball\/?p=143"},"modified":"2009-11-23T20:58:25","modified_gmt":"2009-11-23T18:58:25","slug":"oktoberfest-am-fussballplatz","status":"publish","type":"post","link":"https:\/\/sv-oberperfuss.at\/fussball\/oktoberfest-am-fussballplatz\/","title":{"rendered":"Oktoberfest am Fussballplatz"},"content":{"rendered":"<p>Am Sonntag, den 27.09. konnte bei wundersch\u00f6nem Wetter das diesj\u00e4hrige Oktoberfest mit Festbier, Grillhendl und Wei\u00dfw\u00fcrstl stattfinden. Mit spannenden Spielen der Kampfmannschaft und dem Nachwuchs wurde den zahlreich erschienen Fussballbegeisterten den ganzen Tag \u00fcber Programm geboten.<!--more--><\/p>\n\n\t\t<style type=\"text\/css\">\n\t\t\t#gallery-1 {\n\t\t\t\tmargin: auto;\n\t\t\t}\n\t\t\t#gallery-1 .gallery-item {\n\t\t\t\tfloat: left;\n\t\t\t\tmargin-top: 10px;\n\t\t\t\ttext-align: center;\n\t\t\t\twidth: 33%;\n\t\t\t}\n\t\t\t#gallery-1 img {\n\t\t\t\tborder: 2px solid #cfcfcf;\n\t\t\t}\n\t\t\t#gallery-1 .gallery-caption {\n\t\t\t\tmargin-left: 0;\n\t\t\t}\n\t\t\t\/* see gallery_shortcode() in wp-includes\/media.php *\/\n\t\t<\/style>\n\t\t<div id=\"gallery-1\" class=\"gallery galleryid-143 gallery-columns-3 gallery-size-thumbnail\"><dl class=\"gallery-item\">\n\t\t\t<dt class=\"gallery-icon landscape\">\n\t\t\t\t<a href=\"https:\/\/sv-oberperfuss.at\/fussball\/files\/2009\/10\/M0275496.JPG\"><img width=\"150\" height=\"150\" src=\"https:\/\/sv-oberperfuss.at\/fussball\/files\/2009\/10\/M0275496-150x150.jpg\" class=\"attachment-thumbnail size-thumbnail\" alt loading=\"lazy\"><\/a>\n\t\t\t<\/dt><\/dl><dl class=\"gallery-item\">\n\t\t\t<dt class=\"gallery-icon landscape\">\n\t\t\t\t<a href=\"https:\/\/sv-oberperfuss.at\/fussball\/files\/2009\/10\/M0275491.JPG\"><img width=\"150\" height=\"150\" src=\"https:\/\/sv-oberperfuss.at\/fussball\/files\/2009\/10\/M0275491-150x150.jpg\" class=\"attachment-thumbnail size-thumbnail\" alt loading=\"lazy\"><\/a>\n\t\t\t<\/dt><\/dl><dl class=\"gallery-item\">\n\t\t\t<dt class=\"gallery-icon landscape\">\n\t\t\t\t<a href=\"https:\/\/sv-oberperfuss.at\/fussball\/files\/2009\/10\/M0275489.JPG\"><img width=\"150\" height=\"150\" src=\"https:\/\/sv-oberperfuss.at\/fussball\/files\/2009\/10\/M0275489-150x150.jpg\" class=\"attachment-thumbnail size-thumbnail\" alt loading=\"lazy\"><\/a>\n\t\t\t<\/dt><\/dl><br style=\"clear: both\"><dl class=\"gallery-item\">\n\t\t\t<dt class=\"gallery-icon landscape\">\n\t\t\t\t<a href=\"https:\/\/sv-oberperfuss.at\/fussball\/files\/2009\/10\/M0275476.JPG\"><img width=\"150\" height=\"150\" src=\"https:\/\/sv-oberperfuss.at\/fussball\/files\/2009\/10\/M0275476-150x150.jpg\" class=\"attachment-thumbnail size-thumbnail\" alt loading=\"lazy\"><\/a>\n\t\t\t<\/dt><\/dl><dl class=\"gallery-item\">\n\t\t\t<dt class=\"gallery-icon landscape\">\n\t\t\t\t<a href=\"https:\/\/sv-oberperfuss.at\/fussball\/files\/2009\/10\/M0275474.JPG\"><img width=\"150\" height=\"150\" src=\"https:\/\/sv-oberperfuss.at\/fussball\/files\/2009\/10\/M0275474-150x150.jpg\" class=\"attachment-thumbnail size-thumbnail\" alt loading=\"lazy\"><\/a>\n\t\t\t<\/dt><\/dl><dl class=\"gallery-item\">\n\t\t\t<dt class=\"gallery-icon landscape\">\n\t\t\t\t<a href=\"https:\/\/sv-oberperfuss.at\/fussball\/files\/2009\/10\/M0275465.JPG\"><img width=\"150\" height=\"150\" src=\"https:\/\/sv-oberperfuss.at\/fussball\/files\/2009\/10\/M0275465-150x150.jpg\" class=\"attachment-thumbnail size-thumbnail\" alt loading=\"lazy\"><\/a>\n\t\t\t<\/dt><\/dl><br style=\"clear: both\"><dl class=\"gallery-item\">\n\t\t\t<dt class=\"gallery-icon landscape\">\n\t\t\t\t<a href=\"https:\/\/sv-oberperfuss.at\/fussball\/files\/2009\/10\/M0275458.JPG\"><img width=\"150\" height=\"150\" src=\"https:\/\/sv-oberperfuss.at\/fussball\/files\/2009\/10\/M0275458-150x150.jpg\" class=\"attachment-thumbnail size-thumbnail\" alt loading=\"lazy\"><\/a>\n\t\t\t<\/dt><\/dl><dl class=\"gallery-item\">\n\t\t\t<dt class=\"gallery-icon landscape\">\n\t\t\t\t<a href=\"https:\/\/sv-oberperfuss.at\/fussball\/files\/2009\/10\/M0275444.JPG\"><img width=\"150\" height=\"150\" src=\"https:\/\/sv-oberperfuss.at\/fussball\/files\/2009\/10\/M0275444-150x150.jpg\" class=\"attachment-thumbnail size-thumbnail\" alt loading=\"lazy\"><\/a>\n\t\t\t<\/dt><\/dl><dl class=\"gallery-item\">\n\t\t\t<dt class=\"gallery-icon landscape\">\n\t\t\t\t<a href=\"https:\/\/sv-oberperfuss.at\/fussball\/files\/2009\/10\/M0275437.JPG\"><img width=\"150\" height=\"150\" src=\"https:\/\/sv-oberperfuss.at\/fussball\/files\/2009\/10\/M0275437-150x150.jpg\" class=\"attachment-thumbnail size-thumbnail\" alt loading=\"lazy\"><\/a>\n\t\t\t<\/dt><\/dl><br style=\"clear: both\"><dl class=\"gallery-item\">\n\t\t\t<dt class=\"gallery-icon landscape\">\n\t\t\t\t<a href=\"https:\/\/sv-oberperfuss.at\/fussball\/files\/2009\/10\/M0275422.JPG\"><img width=\"150\" height=\"150\" src=\"https:\/\/sv-oberperfuss.at\/fussball\/files\/2009\/10\/M0275422-150x150.jpg\" class=\"attachment-thumbnail size-thumbnail\" alt loading=\"lazy\"><\/a>\n\t\t\t<\/dt><\/dl><dl class=\"gallery-item\">\n\t\t\t<dt class=\"gallery-icon landscape\">\n\t\t\t\t<a href=\"https:\/\/sv-oberperfuss.at\/fussball\/files\/2009\/10\/M0275452.JPG\"><img width=\"150\" height=\"150\" src=\"https:\/\/sv-oberperfuss.at\/fussball\/files\/2009\/10\/M0275452-150x150.jpg\" class=\"attachment-thumbnail size-thumbnail\" alt loading=\"lazy\"><\/a>\n\t\t\t<\/dt><\/dl><dl class=\"gallery-item\">\n\t\t\t<dt class=\"gallery-icon landscape\">\n\t\t\t\t<a href=\"https:\/\/sv-oberperfuss.at\/fussball\/files\/2009\/10\/M0275454.JPG\"><img width=\"150\" height=\"150\" src=\"https:\/\/sv-oberperfuss.at\/fussball\/files\/2009\/10\/M0275454-150x150.jpg\" class=\"attachment-thumbnail size-thumbnail\" alt loading=\"lazy\"><\/a>\n\t\t\t<\/dt><\/dl><br style=\"clear: both\"><dl class=\"gallery-item\">\n\t\t\t<dt class=\"gallery-icon portrait\">\n\t\t\t\t<a href=\"https:\/\/sv-oberperfuss.at\/fussball\/files\/2009\/10\/M02754701.JPG\"><img width=\"150\" height=\"150\" src=\"https:\/\/sv-oberperfuss.at\/fussball\/files\/2009\/10\/M02754701-150x150.jpg\" class=\"attachment-thumbnail size-thumbnail\" alt loading=\"lazy\"><\/a>\n\t\t\t<\/dt><\/dl><dl class=\"gallery-item\">\n\t\t\t<dt class=\"gallery-icon portrait\">\n\t\t\t\t<a href=\"https:\/\/sv-oberperfuss.at\/fussball\/files\/2009\/10\/M02754551.JPG\"><img width=\"150\" height=\"150\" src=\"https:\/\/sv-oberperfuss.at\/fussball\/files\/2009\/10\/M02754551-150x150.jpg\" class=\"attachment-thumbnail size-thumbnail\" alt loading=\"lazy\"><\/a>\n\t\t\t<\/dt><\/dl><dl class=\"gallery-item\">\n\t\t\t<dt class=\"gallery-icon landscape\">\n\t\t\t\t<a href=\"https:\/\/sv-oberperfuss.at\/fussball\/files\/2009\/10\/M0275540.JPG\"><img width=\"150\" height=\"150\" src=\"https:\/\/sv-oberperfuss.at\/fussball\/files\/2009\/10\/M0275540-150x150.jpg\" class=\"attachment-thumbnail size-thumbnail\" alt loading=\"lazy\"><\/a>\n\t\t\t<\/dt><\/dl><br style=\"clear: both\"><dl class=\"gallery-item\">\n\t\t\t<dt class=\"gallery-icon landscape\">\n\t\t\t\t<a href=\"https:\/\/sv-oberperfuss.at\/fussball\/files\/2009\/10\/M0275517.JPG\"><img width=\"150\" height=\"150\" src=\"https:\/\/sv-oberperfuss.at\/fussball\/files\/2009\/10\/M0275517-150x150.jpg\" class=\"attachment-thumbnail size-thumbnail\" alt loading=\"lazy\"><\/a>\n\t\t\t<\/dt><\/dl><dl class=\"gallery-item\">\n\t\t\t<dt class=\"gallery-icon landscape\">\n\t\t\t\t<a href=\"https:\/\/sv-oberperfuss.at\/fussball\/files\/2009\/10\/M0275510.JPG\"><img width=\"150\" height=\"150\" src=\"https:\/\/sv-oberperfuss.at\/fussball\/files\/2009\/10\/M0275510-150x150.jpg\" class=\"attachment-thumbnail size-thumbnail\" alt loading=\"lazy\"><\/a>\n\t\t\t<\/dt><\/dl><dl class=\"gallery-item\">\n\t\t\t<dt class=\"gallery-icon landscape\">\n\t\t\t\t<a href=\"https:\/\/sv-oberperfuss.at\/fussball\/files\/2009\/10\/M0275506.JPG\"><img width=\"150\" height=\"150\" src=\"https:\/\/sv-oberperfuss.at\/fussball\/files\/2009\/10\/M0275506-150x150.jpg\" class=\"attachment-thumbnail size-thumbnail\" alt loading=\"lazy\"><\/a>\n\t\t\t<\/dt><\/dl><br style=\"clear: both\"><dl class=\"gallery-item\">\n\t\t\t<dt class=\"gallery-icon landscape\">\n\t\t\t\t<a href=\"https:\/\/sv-oberperfuss.at\/fussball\/files\/2009\/10\/M0275566.JPG\"><img width=\"150\" height=\"150\" src=\"https:\/\/sv-oberperfuss.at\/fussball\/files\/2009\/10\/M0275566-150x150.jpg\" class=\"attachment-thumbnail size-thumbnail\" alt loading=\"lazy\"><\/a>\n\t\t\t<\/dt><\/dl><dl class=\"gallery-item\">\n\t\t\t<dt class=\"gallery-icon landscape\">\n\t\t\t\t<a href=\"https:\/\/sv-oberperfuss.at\/fussball\/files\/2009\/10\/M0275591.JPG\"><img width=\"150\" height=\"150\" src=\"https:\/\/sv-oberperfuss.at\/fussball\/files\/2009\/10\/M0275591-150x150.jpg\" class=\"attachment-thumbnail size-thumbnail\" alt loading=\"lazy\"><\/a>\n\t\t\t<\/dt><\/dl><dl class=\"gallery-item\">\n\t\t\t<dt class=\"gallery-icon landscape\">\n\t\t\t\t<a href=\"https:\/\/sv-oberperfuss.at\/fussball\/files\/2009\/10\/M0275574.JPG\"><img width=\"150\" height=\"150\" src=\"https:\/\/sv-oberperfuss.at\/fussball\/files\/2009\/10\/M0275574-150x150.jpg\" class=\"attachment-thumbnail size-thumbnail\" alt loading=\"lazy\"><\/a>\n\t\t\t<\/dt><\/dl><br style=\"clear: both\"><dl class=\"gallery-item\">\n\t\t\t<dt class=\"gallery-icon landscape\">\n\t\t\t\t<a href=\"https:\/\/sv-oberperfuss.at\/fussball\/files\/2009\/10\/M0275537.JPG\"><img width=\"150\" height=\"150\" src=\"https:\/\/sv-oberperfuss.at\/fussball\/files\/2009\/10\/M0275537-150x150.jpg\" class=\"attachment-thumbnail size-thumbnail\" alt loading=\"lazy\"><\/a>\n\t\t\t<\/dt><\/dl>\n\t\t\t<br style=\"clear: both\">\n\t\t<\/div>\n\n","protected":false},"excerpt":{"rendered":"<p>Am Sonntag, den 27.09. konnte bei wundersch\u00f6nem Wetter das diesj\u00e4hrige Oktoberfest mit Festbier, Grillhendl und Wei\u00dfw\u00fcrstl stattfinden. Mit spannenden Spielen der Kampfmannschaft und dem Nachwuchs wurde den zahlreich erschienen Fussballbegeisterten den ganzen Tag \u00fcber Programm geboten.<\/p>\n","protected":false},"author":8,"featured_media":0,"comment_status":"open","ping_status":"closed","sticky":false,"template":"","format":"standard","meta":{"wp_typography_post_enhancements_disabled":false},"categories":[4],"tags":[],"_links":{"self":[{"href":"https:\/\/sv-oberperfuss.at\/fussball\/wp-json\/wp\/v2\/posts\/143"}],"collection":[{"href":"https:\/\/sv-oberperfuss.at\/fussball\/wp-json\/wp\/v2\/posts"}],"about":[{"href":"https:\/\/sv-oberperfuss.at\/fussball\/wp-json\/wp\/v2\/types\/post"}],"author":[{"embeddable":true,"href":"https:\/\/sv-oberperfuss.at\/fussball\/wp-json\/wp\/v2\/users\/8"}],"replies":[{"embeddable":true,"href":"https:\/\/sv-oberperfuss.at\/fussball\/wp-json\/wp\/v2\/comments?post=143"}],"version-history":[{"count":9,"href":"https:\/\/sv-oberperfuss.at\/fussball\/wp-json\/wp\/v2\/posts\/143\/revisions"}],"predecessor-version":[{"id":390,"href":"https:\/\/sv-oberperfuss.at\/fussball\/wp-json\/wp\/v2\/posts\/143\/revisions\/390"}],"wp:attachment":[{"href":"https:\/\/sv-oberperfuss.at\/fussball\/wp-json\/wp\/v2\/media?parent=143"}],"wp:term":[{"taxonomy":"category","embeddable":true,"href":"https:\/\/sv-oberperfuss.at\/fussball\/wp-json\/wp\/v2\/categories?post=143"},{"taxonomy":"post_tag","embeddable":true,"href":"https:\/\/sv-oberperfuss.at\/fussball\/wp-json\/wp\/v2\/tags?post=143"}],"curies":[{"name":"wp","href":"https:\/\/api.w.org\/{rel}","templated":true}]}}