{"id":1397,"date":"2011-04-26T18:34:32","date_gmt":"2011-04-26T16:34:32","guid":{"rendered":"https:\/\/sv-oberperfuss.at\/fussball\/?p=1397"},"modified":"2011-04-26T18:34:51","modified_gmt":"2011-04-26T16:34:51","slug":"sv-landeck-sv-krone-oberperfuss-15","status":"publish","type":"post","link":"https:\/\/sv-oberperfuss.at\/fussball\/sv-landeck-sv-krone-oberperfuss-15\/","title":{"rendered":"SV Landeck : SV Krone Oberperfuss \u2014 1:5"},"content":{"rendered":"<p>Klarer Ausw\u00e4rtssieg in Landeck!<br>\nNach der fr\u00fchen F\u00fchrung der Landecker (5. Minute) \u2014 aus abseitsverd\u00e4chtiger Position \u2014 sah es nicht nach einem deutlichen Sieg f\u00fcr uns aus. Dabei hatten wir auch in der ersten H\u00e4lfte mehr Torchancen als die Heimelf. Doch die Stange und der gegnerische Tormann verhinderten den Ausgleich.<\/p>\n<p><!--more-->\u00c4hnlich wie in den letzten Partien war unsere Chancenauswertung noch nicht nach Wunsch. Und h\u00e4tte Graber J\u00fcrgen seine gr\u00f6\u00dfte Chance verwertet, w\u00e4ren wir mit einem 0:2 in die Kabine gegangen.<br>\nIn der zweiten H\u00e4lfte platzte uns dann der Knoten und zwischen der 46. und 59. Minute gelangen uns drei Tore.&nbsp; Zweimal wurde Kirchmair Stefan f\u00fcr seinen tollen Einsatz belohnt und einmal konnte Wegscheider Marco mit einem Weitschuss sein Torkonto erh\u00f6hen. In der 70. Minute wurde dann auch noch Bucher Christian \u2014 der viel Schwung in das Offensivspiel brachte \u2014 als Torsch\u00fctze vorstellig. Den Schlusspunkt setzte dann noch Triendl Felix nach einem Elfmeter.<br>\nAlles in allem eine, besonders in der zweiten Halbzeit, \u00fcberzeugende Leistung. In den zweiten 45 Minuten hat man gesehen was mit einer guten Chancenauswertung m\u00f6glich ist.<br>\nIn den vier Fr\u00fchjahrsrunden haben wir nun 14 Tore geschossen, aber leider nur 6 Punkte geholt. Wenn wir die Offensivleistung so beibehalten k\u00f6nnen und defensiv konstant werden, sind noch einige sch\u00f6ne Spiele und Siege m\u00f6glich.<\/p>\n<p>&nbsp;<\/p>\n<p>N\u00e4chste Runde:<br>\nSVO : Prutz\/Serfaus \u2014 Samstag, <strong>30.04. um 18:00<\/strong> Uhr in Oberperfuss.<\/p>\n<address>(Stefan Pult)<br>\n<\/address>\n","protected":false},"excerpt":{"rendered":"<p>Klarer Ausw\u00e4rtssieg in Landeck! Nach der fr\u00fchen F\u00fchrung der Landecker (5. Minute) \u2014 aus abseitsverd\u00e4chtiger Position \u2014 sah es nicht nach einem deutlichen Sieg f\u00fcr uns aus. Dabei hatten wir auch in der ersten H\u00e4lfte mehr Torchancen als die Heimelf. Doch die Stange und der gegnerische Tormann verhinderten den Ausgleich.<\/p>\n","protected":false},"author":8,"featured_media":0,"comment_status":"closed","ping_status":"closed","sticky":false,"template":"","format":"standard","meta":{"wp_typography_post_enhancements_disabled":false},"categories":[4],"tags":[],"_links":{"self":[{"href":"https:\/\/sv-oberperfuss.at\/fussball\/wp-json\/wp\/v2\/posts\/1397"}],"collection":[{"href":"https:\/\/sv-oberperfuss.at\/fussball\/wp-json\/wp\/v2\/posts"}],"about":[{"href":"https:\/\/sv-oberperfuss.at\/fussball\/wp-json\/wp\/v2\/types\/post"}],"author":[{"embeddable":true,"href":"https:\/\/sv-oberperfuss.at\/fussball\/wp-json\/wp\/v2\/users\/8"}],"replies":[{"embeddable":true,"href":"https:\/\/sv-oberperfuss.at\/fussball\/wp-json\/wp\/v2\/comments?post=1397"}],"version-history":[{"count":3,"href":"https:\/\/sv-oberperfuss.at\/fussball\/wp-json\/wp\/v2\/posts\/1397\/revisions"}],"predecessor-version":[{"id":1400,"href":"https:\/\/sv-oberperfuss.at\/fussball\/wp-json\/wp\/v2\/posts\/1397\/revisions\/1400"}],"wp:attachment":[{"href":"https:\/\/sv-oberperfuss.at\/fussball\/wp-json\/wp\/v2\/media?parent=1397"}],"wp:term":[{"taxonomy":"category","embeddable":true,"href":"https:\/\/sv-oberperfuss.at\/fussball\/wp-json\/wp\/v2\/categories?post=1397"},{"taxonomy":"post_tag","embeddable":true,"href":"https:\/\/sv-oberperfuss.at\/fussball\/wp-json\/wp\/v2\/tags?post=1397"}],"curies":[{"name":"wp","href":"https:\/\/api.w.org\/{rel}","templated":true}]}}